{"id":2020,"date":"2017-08-13T14:33:13","date_gmt":"2017-08-13T12:33:13","guid":{"rendered":"https:\/\/steinertseebahn-kfg.de\/?p=2020"},"modified":"2017-08-19T09:52:07","modified_gmt":"2017-08-19T07:52:07","slug":"sommer-naja-wohl-eher-kalendarisch","status":"publish","type":"post","link":"https:\/\/steinertseebahn-kfg.de\/startseite\/sommer-naja-wohl-eher-kalendarisch\/","title":{"rendered":"Sommer? Naja, wohl eher kalendarisch &#8230;"},"content":{"rendered":"<p>&#8230; aber es dampft halt sehr sch\u00f6n, wenn die Luftfeuchtigkeit hoch ist, wie hier auf einer privaten Feier am gestrigen Samstag.<\/p>\n<div class=\"tiled-gallery type-circle tiled-gallery-unresized\" data-original-width=\"900\" data-carousel-extra='null' itemscope itemtype=\"http:\/\/schema.org\/ImageGallery\" > <div class=\"gallery-row\" style=\"width: 900px; height: 900px;\" data-original-width=\"900\" data-original-height=\"900\" > <div class=\"gallery-group\" style=\"width: 900px; height: 900px;\" data-original-width=\"900\" data-original-height=\"900\" > <div class=\"tiled-gallery-item \" itemprop=\"associatedMedia\" itemscope itemtype=\"http:\/\/schema.org\/ImageObject\"> <a href=\"https:\/\/steinertseebahn-kfg.de\/startseite\/sommer-naja-wohl-eher-kalendarisch\/wp_20170812_16_39_13_pro_li\/\" border=\"0\" itemprop=\"url\"> <meta itemprop=\"width\" content=\"896\"> <meta itemprop=\"height\" content=\"896\"> <img loading=\"lazy\" decoding=\"async\" class=\"\" data-attachment-id=\"2021\" data-orig-file=\"https:\/\/steinertseebahn-kfg.de\/wp-content\/uploads\/2017\/08\/WP_20170812_16_39_13_Pro_LI.jpg\" data-orig-size=\"3840,2160\" data-comments-opened=\"1\" data-image-meta=\"{&quot;aperture&quot;:&quot;1.9&quot;,&quot;credit&quot;:&quot;&quot;,&quot;camera&quot;:&quot;Lumia 950 XL&quot;,&quot;caption&quot;:&quot;&quot;,&quot;created_timestamp&quot;:&quot;1502555953&quot;,&quot;copyright&quot;:&quot;&quot;,&quot;focal_length&quot;:&quot;0&quot;,&quot;iso&quot;:&quot;160&quot;,&quot;shutter_speed&quot;:&quot;0.01&quot;,&quot;title&quot;:&quot;&quot;,&quot;orientation&quot;:&quot;1&quot;}\" data-image-title=\"WP_20170812_16_39_13_Pro_LI\" data-image-description=\"\" data-medium-file=\"https:\/\/i0.wp.com\/steinertseebahn-kfg.de\/wp-content\/uploads\/2017\/08\/WP_20170812_16_39_13_Pro_LI.jpg?fit=300%2C169&#038;ssl=1\" data-large-file=\"https:\/\/i0.wp.com\/steinertseebahn-kfg.de\/wp-content\/uploads\/2017\/08\/WP_20170812_16_39_13_Pro_LI.jpg?fit=900%2C506&#038;ssl=1\" src=\"https:\/\/i0.wp.com\/steinertseebahn-kfg.de\/wp-content\/uploads\/2017\/08\/WP_20170812_16_39_13_Pro_LI.jpg?w=896&#038;h=896&#038;crop=1&#038;ssl=1\" srcset=\"https:\/\/i0.wp.com\/steinertseebahn-kfg.de\/wp-content\/uploads\/2017\/08\/WP_20170812_16_39_13_Pro_LI.jpg?resize=150%2C150&amp;ssl=1 150w, https:\/\/i0.wp.com\/steinertseebahn-kfg.de\/wp-content\/uploads\/2017\/08\/WP_20170812_16_39_13_Pro_LI.jpg?zoom=2&amp;resize=896%2C896&amp;ssl=1 1792w, https:\/\/i0.wp.com\/steinertseebahn-kfg.de\/wp-content\/uploads\/2017\/08\/WP_20170812_16_39_13_Pro_LI.jpg?zoom=3&amp;resize=896%2C896&amp;ssl=1 2688w\" width=\"896\" height=\"896\" loading=\"lazy\" data-original-width=\"896\" data-original-height=\"896\" itemprop=\"http:\/\/schema.org\/image\" title=\"WP_20170812_16_39_13_Pro_LI\" alt=\"WP_20170812_16_39_13_Pro_LI\" style=\"width: 896px; height: 896px;\" \/> <\/a> <\/div> <\/div> <\/div> <div class=\"gallery-row\" style=\"width: 900px; height: 300px;\" data-original-width=\"900\" data-original-height=\"300\" > <div class=\"gallery-group\" style=\"width: 300px; height: 300px;\" data-original-width=\"300\" data-original-height=\"300\" > <div class=\"tiled-gallery-item \" itemprop=\"associatedMedia\" itemscope itemtype=\"http:\/\/schema.org\/ImageObject\"> <a href=\"https:\/\/steinertseebahn-kfg.de\/startseite\/sommer-naja-wohl-eher-kalendarisch\/wp_20170812_16_40_53_pro_li\/\" border=\"0\" itemprop=\"url\"> <meta itemprop=\"width\" content=\"296\"> <meta itemprop=\"height\" content=\"296\"> <img loading=\"lazy\" decoding=\"async\" class=\"\" data-attachment-id=\"2025\" data-orig-file=\"https:\/\/steinertseebahn-kfg.de\/wp-content\/uploads\/2017\/08\/WP_20170812_16_40_53_Pro_LI.jpg\" data-orig-size=\"3840,2160\" data-comments-opened=\"1\" data-image-meta=\"{&quot;aperture&quot;:&quot;1.9&quot;,&quot;credit&quot;:&quot;&quot;,&quot;camera&quot;:&quot;Lumia 950 XL&quot;,&quot;caption&quot;:&quot;&quot;,&quot;created_timestamp&quot;:&quot;1502556054&quot;,&quot;copyright&quot;:&quot;&quot;,&quot;focal_length&quot;:&quot;0&quot;,&quot;iso&quot;:&quot;125&quot;,&quot;shutter_speed&quot;:&quot;0.01&quot;,&quot;title&quot;:&quot;&quot;,&quot;orientation&quot;:&quot;1&quot;}\" data-image-title=\"WP_20170812_16_40_53_Pro_LI\" data-image-description=\"\" data-medium-file=\"https:\/\/i0.wp.com\/steinertseebahn-kfg.de\/wp-content\/uploads\/2017\/08\/WP_20170812_16_40_53_Pro_LI.jpg?fit=300%2C169&#038;ssl=1\" data-large-file=\"https:\/\/i0.wp.com\/steinertseebahn-kfg.de\/wp-content\/uploads\/2017\/08\/WP_20170812_16_40_53_Pro_LI.jpg?fit=900%2C506&#038;ssl=1\" src=\"https:\/\/i0.wp.com\/steinertseebahn-kfg.de\/wp-content\/uploads\/2017\/08\/WP_20170812_16_40_53_Pro_LI.jpg?w=296&#038;h=296&#038;crop=1&#038;ssl=1\" srcset=\"https:\/\/i0.wp.com\/steinertseebahn-kfg.de\/wp-content\/uploads\/2017\/08\/WP_20170812_16_40_53_Pro_LI.jpg?resize=150%2C150&amp;ssl=1 150w, https:\/\/i0.wp.com\/steinertseebahn-kfg.de\/wp-content\/uploads\/2017\/08\/WP_20170812_16_40_53_Pro_LI.jpg?zoom=2&amp;resize=296%2C296&amp;ssl=1 592w, https:\/\/i0.wp.com\/steinertseebahn-kfg.de\/wp-content\/uploads\/2017\/08\/WP_20170812_16_40_53_Pro_LI.jpg?zoom=3&amp;resize=296%2C296&amp;ssl=1 888w\" width=\"296\" height=\"296\" loading=\"lazy\" data-original-width=\"296\" data-original-height=\"296\" itemprop=\"http:\/\/schema.org\/image\" title=\"WP_20170812_16_40_53_Pro_LI\" alt=\"WP_20170812_16_40_53_Pro_LI\" style=\"width: 296px; height: 296px;\" \/> <\/a> <\/div> <\/div> <div class=\"gallery-group\" style=\"width: 300px; height: 300px;\" data-original-width=\"300\" data-original-height=\"300\" > <div class=\"tiled-gallery-item \" itemprop=\"associatedMedia\" itemscope itemtype=\"http:\/\/schema.org\/ImageObject\"> <a href=\"https:\/\/steinertseebahn-kfg.de\/startseite\/sommer-naja-wohl-eher-kalendarisch\/wp_20170812_16_40_48_pro_li\/\" border=\"0\" itemprop=\"url\"> <meta itemprop=\"width\" content=\"296\"> <meta itemprop=\"height\" content=\"296\"> <img loading=\"lazy\" decoding=\"async\" class=\"\" data-attachment-id=\"2024\" data-orig-file=\"https:\/\/steinertseebahn-kfg.de\/wp-content\/uploads\/2017\/08\/WP_20170812_16_40_48_Pro_LI.jpg\" data-orig-size=\"3840,2160\" data-comments-opened=\"1\" data-image-meta=\"{&quot;aperture&quot;:&quot;1.9&quot;,&quot;credit&quot;:&quot;&quot;,&quot;camera&quot;:&quot;Lumia 950 XL&quot;,&quot;caption&quot;:&quot;&quot;,&quot;created_timestamp&quot;:&quot;1502556048&quot;,&quot;copyright&quot;:&quot;&quot;,&quot;focal_length&quot;:&quot;0&quot;,&quot;iso&quot;:&quot;80&quot;,&quot;shutter_speed&quot;:&quot;0.01&quot;,&quot;title&quot;:&quot;&quot;,&quot;orientation&quot;:&quot;1&quot;}\" data-image-title=\"WP_20170812_16_40_48_Pro_LI\" data-image-description=\"\" data-medium-file=\"https:\/\/i0.wp.com\/steinertseebahn-kfg.de\/wp-content\/uploads\/2017\/08\/WP_20170812_16_40_48_Pro_LI.jpg?fit=300%2C169&#038;ssl=1\" data-large-file=\"https:\/\/i0.wp.com\/steinertseebahn-kfg.de\/wp-content\/uploads\/2017\/08\/WP_20170812_16_40_48_Pro_LI.jpg?fit=900%2C506&#038;ssl=1\" src=\"https:\/\/i0.wp.com\/steinertseebahn-kfg.de\/wp-content\/uploads\/2017\/08\/WP_20170812_16_40_48_Pro_LI.jpg?w=296&#038;h=296&#038;crop=1&#038;ssl=1\" srcset=\"https:\/\/i0.wp.com\/steinertseebahn-kfg.de\/wp-content\/uploads\/2017\/08\/WP_20170812_16_40_48_Pro_LI.jpg?resize=150%2C150&amp;ssl=1 150w, https:\/\/i0.wp.com\/steinertseebahn-kfg.de\/wp-content\/uploads\/2017\/08\/WP_20170812_16_40_48_Pro_LI.jpg?zoom=2&amp;resize=296%2C296&amp;ssl=1 592w, https:\/\/i0.wp.com\/steinertseebahn-kfg.de\/wp-content\/uploads\/2017\/08\/WP_20170812_16_40_48_Pro_LI.jpg?zoom=3&amp;resize=296%2C296&amp;ssl=1 888w\" width=\"296\" height=\"296\" loading=\"lazy\" data-original-width=\"296\" data-original-height=\"296\" itemprop=\"http:\/\/schema.org\/image\" title=\"WP_20170812_16_40_48_Pro_LI\" alt=\"WP_20170812_16_40_48_Pro_LI\" style=\"width: 296px; height: 296px;\" \/> <\/a> <\/div> <\/div> <div class=\"gallery-group\" style=\"width: 300px; height: 300px;\" data-original-width=\"300\" data-original-height=\"300\" > <div class=\"tiled-gallery-item \" itemprop=\"associatedMedia\" itemscope itemtype=\"http:\/\/schema.org\/ImageObject\"> <a href=\"https:\/\/steinertseebahn-kfg.de\/startseite\/sommer-naja-wohl-eher-kalendarisch\/wp_20170812_16_40_46_pro_li\/\" border=\"0\" itemprop=\"url\"> <meta itemprop=\"width\" content=\"296\"> <meta itemprop=\"height\" content=\"296\"> <img loading=\"lazy\" decoding=\"async\" class=\"\" data-attachment-id=\"2023\" data-orig-file=\"https:\/\/steinertseebahn-kfg.de\/wp-content\/uploads\/2017\/08\/WP_20170812_16_40_46_Pro_LI.jpg\" data-orig-size=\"3840,2160\" data-comments-opened=\"1\" data-image-meta=\"{&quot;aperture&quot;:&quot;1.9&quot;,&quot;credit&quot;:&quot;&quot;,&quot;camera&quot;:&quot;Lumia 950 XL&quot;,&quot;caption&quot;:&quot;&quot;,&quot;created_timestamp&quot;:&quot;1502556046&quot;,&quot;copyright&quot;:&quot;&quot;,&quot;focal_length&quot;:&quot;0&quot;,&quot;iso&quot;:&quot;50&quot;,&quot;shutter_speed&quot;:&quot;0.02&quot;,&quot;title&quot;:&quot;&quot;,&quot;orientation&quot;:&quot;1&quot;}\" data-image-title=\"WP_20170812_16_40_46_Pro_LI\" data-image-description=\"\" data-medium-file=\"https:\/\/i0.wp.com\/steinertseebahn-kfg.de\/wp-content\/uploads\/2017\/08\/WP_20170812_16_40_46_Pro_LI.jpg?fit=300%2C169&#038;ssl=1\" data-large-file=\"https:\/\/i0.wp.com\/steinertseebahn-kfg.de\/wp-content\/uploads\/2017\/08\/WP_20170812_16_40_46_Pro_LI.jpg?fit=900%2C506&#038;ssl=1\" src=\"https:\/\/i0.wp.com\/steinertseebahn-kfg.de\/wp-content\/uploads\/2017\/08\/WP_20170812_16_40_46_Pro_LI.jpg?w=296&#038;h=296&#038;crop=1&#038;ssl=1\" srcset=\"https:\/\/i0.wp.com\/steinertseebahn-kfg.de\/wp-content\/uploads\/2017\/08\/WP_20170812_16_40_46_Pro_LI.jpg?resize=150%2C150&amp;ssl=1 150w, https:\/\/i0.wp.com\/steinertseebahn-kfg.de\/wp-content\/uploads\/2017\/08\/WP_20170812_16_40_46_Pro_LI.jpg?zoom=2&amp;resize=296%2C296&amp;ssl=1 592w, https:\/\/i0.wp.com\/steinertseebahn-kfg.de\/wp-content\/uploads\/2017\/08\/WP_20170812_16_40_46_Pro_LI.jpg?zoom=3&amp;resize=296%2C296&amp;ssl=1 888w\" width=\"296\" height=\"296\" loading=\"lazy\" data-original-width=\"296\" data-original-height=\"296\" itemprop=\"http:\/\/schema.org\/image\" title=\"WP_20170812_16_40_46_Pro_LI\" alt=\"WP_20170812_16_40_46_Pro_LI\" style=\"width: 296px; height: 296px;\" \/> <\/a> <\/div> <\/div> <\/div> <div class=\"gallery-row\" style=\"width: 900px; height: 300px;\" data-original-width=\"900\" data-original-height=\"300\" > <div class=\"gallery-group\" style=\"width: 300px; height: 300px;\" data-original-width=\"300\" data-original-height=\"300\" > <div class=\"tiled-gallery-item \" itemprop=\"associatedMedia\" itemscope itemtype=\"http:\/\/schema.org\/ImageObject\"> <a href=\"https:\/\/steinertseebahn-kfg.de\/startseite\/sommer-naja-wohl-eher-kalendarisch\/wp_20170812_16_40_43_pro_li\/\" border=\"0\" itemprop=\"url\"> <meta itemprop=\"width\" content=\"296\"> <meta itemprop=\"height\" content=\"296\"> <img loading=\"lazy\" decoding=\"async\" class=\"\" data-attachment-id=\"2022\" data-orig-file=\"https:\/\/steinertseebahn-kfg.de\/wp-content\/uploads\/2017\/08\/WP_20170812_16_40_43_Pro_LI.jpg\" data-orig-size=\"3840,2160\" data-comments-opened=\"1\" data-image-meta=\"{&quot;aperture&quot;:&quot;1.9&quot;,&quot;credit&quot;:&quot;&quot;,&quot;camera&quot;:&quot;Lumia 950 XL&quot;,&quot;caption&quot;:&quot;&quot;,&quot;created_timestamp&quot;:&quot;1502556043&quot;,&quot;copyright&quot;:&quot;&quot;,&quot;focal_length&quot;:&quot;0&quot;,&quot;iso&quot;:&quot;100&quot;,&quot;shutter_speed&quot;:&quot;0.01&quot;,&quot;title&quot;:&quot;&quot;,&quot;orientation&quot;:&quot;1&quot;}\" data-image-title=\"WP_20170812_16_40_43_Pro_LI\" data-image-description=\"\" data-medium-file=\"https:\/\/i0.wp.com\/steinertseebahn-kfg.de\/wp-content\/uploads\/2017\/08\/WP_20170812_16_40_43_Pro_LI.jpg?fit=300%2C169&#038;ssl=1\" data-large-file=\"https:\/\/i0.wp.com\/steinertseebahn-kfg.de\/wp-content\/uploads\/2017\/08\/WP_20170812_16_40_43_Pro_LI.jpg?fit=900%2C506&#038;ssl=1\" src=\"https:\/\/i0.wp.com\/steinertseebahn-kfg.de\/wp-content\/uploads\/2017\/08\/WP_20170812_16_40_43_Pro_LI.jpg?w=296&#038;h=296&#038;crop=1&#038;ssl=1\" srcset=\"https:\/\/i0.wp.com\/steinertseebahn-kfg.de\/wp-content\/uploads\/2017\/08\/WP_20170812_16_40_43_Pro_LI.jpg?resize=150%2C150&amp;ssl=1 150w, https:\/\/i0.wp.com\/steinertseebahn-kfg.de\/wp-content\/uploads\/2017\/08\/WP_20170812_16_40_43_Pro_LI.jpg?zoom=2&amp;resize=296%2C296&amp;ssl=1 592w, https:\/\/i0.wp.com\/steinertseebahn-kfg.de\/wp-content\/uploads\/2017\/08\/WP_20170812_16_40_43_Pro_LI.jpg?zoom=3&amp;resize=296%2C296&amp;ssl=1 888w\" width=\"296\" height=\"296\" loading=\"lazy\" data-original-width=\"296\" data-original-height=\"296\" itemprop=\"http:\/\/schema.org\/image\" title=\"WP_20170812_16_40_43_Pro_LI\" alt=\"WP_20170812_16_40_43_Pro_LI\" style=\"width: 296px; height: 296px;\" \/> <\/a> <\/div> <\/div> <div class=\"gallery-group\" style=\"width: 300px; height: 300px;\" data-original-width=\"300\" data-original-height=\"300\" > <div class=\"tiled-gallery-item \" itemprop=\"associatedMedia\" itemscope itemtype=\"http:\/\/schema.org\/ImageObject\"> <a href=\"https:\/\/steinertseebahn-kfg.de\/startseite\/sommer-naja-wohl-eher-kalendarisch\/p1000793\/\" border=\"0\" itemprop=\"url\"> <meta itemprop=\"width\" content=\"296\"> <meta itemprop=\"height\" content=\"296\"> <img loading=\"lazy\" decoding=\"async\" class=\"\" data-attachment-id=\"2037\" data-orig-file=\"https:\/\/steinertseebahn-kfg.de\/wp-content\/uploads\/2017\/08\/P1000793.jpg\" data-orig-size=\"4000,3000\" data-comments-opened=\"1\" data-image-meta=\"{&quot;aperture&quot;:&quot;3.3&quot;,&quot;credit&quot;:&quot;&quot;,&quot;camera&quot;:&quot;DMC-TZ71&quot;,&quot;caption&quot;:&quot;&quot;,&quot;created_timestamp&quot;:&quot;1502559760&quot;,&quot;copyright&quot;:&quot;&quot;,&quot;focal_length&quot;:&quot;4.3&quot;,&quot;iso&quot;:&quot;125&quot;,&quot;shutter_speed&quot;:&quot;0.0166666666667&quot;,&quot;title&quot;:&quot;&quot;,&quot;orientation&quot;:&quot;1&quot;}\" data-image-title=\"P1000793\" data-image-description=\"\" data-medium-file=\"https:\/\/i0.wp.com\/steinertseebahn-kfg.de\/wp-content\/uploads\/2017\/08\/P1000793.jpg?fit=300%2C225&#038;ssl=1\" data-large-file=\"https:\/\/i0.wp.com\/steinertseebahn-kfg.de\/wp-content\/uploads\/2017\/08\/P1000793.jpg?fit=900%2C675&#038;ssl=1\" src=\"https:\/\/i0.wp.com\/steinertseebahn-kfg.de\/wp-content\/uploads\/2017\/08\/P1000793.jpg?w=296&#038;h=296&#038;crop=1&#038;ssl=1\" srcset=\"https:\/\/i0.wp.com\/steinertseebahn-kfg.de\/wp-content\/uploads\/2017\/08\/P1000793.jpg?resize=150%2C150&amp;ssl=1 150w, https:\/\/i0.wp.com\/steinertseebahn-kfg.de\/wp-content\/uploads\/2017\/08\/P1000793.jpg?zoom=2&amp;resize=296%2C296&amp;ssl=1 592w, https:\/\/i0.wp.com\/steinertseebahn-kfg.de\/wp-content\/uploads\/2017\/08\/P1000793.jpg?zoom=3&amp;resize=296%2C296&amp;ssl=1 888w\" width=\"296\" height=\"296\" loading=\"lazy\" data-original-width=\"296\" data-original-height=\"296\" itemprop=\"http:\/\/schema.org\/image\" title=\"P1000793\" alt=\"P1000793\" style=\"width: 296px; height: 296px;\" \/> <\/a> <\/div> <\/div> <div class=\"gallery-group\" style=\"width: 300px; height: 300px;\" data-original-width=\"300\" data-original-height=\"300\" > <div class=\"tiled-gallery-item \" itemprop=\"associatedMedia\" itemscope itemtype=\"http:\/\/schema.org\/ImageObject\"> <a href=\"https:\/\/steinertseebahn-kfg.de\/startseite\/sommer-naja-wohl-eher-kalendarisch\/p1000797\/\" border=\"0\" itemprop=\"url\"> <meta itemprop=\"width\" content=\"296\"> <meta itemprop=\"height\" content=\"296\"> <img loading=\"lazy\" decoding=\"async\" class=\"\" data-attachment-id=\"2038\" data-orig-file=\"https:\/\/steinertseebahn-kfg.de\/wp-content\/uploads\/2017\/08\/P1000797.jpg\" data-orig-size=\"4000,3000\" data-comments-opened=\"1\" data-image-meta=\"{&quot;aperture&quot;:&quot;3.3&quot;,&quot;credit&quot;:&quot;&quot;,&quot;camera&quot;:&quot;DMC-TZ71&quot;,&quot;caption&quot;:&quot;&quot;,&quot;created_timestamp&quot;:&quot;1502577656&quot;,&quot;copyright&quot;:&quot;&quot;,&quot;focal_length&quot;:&quot;4.3&quot;,&quot;iso&quot;:&quot;2000&quot;,&quot;shutter_speed&quot;:&quot;0.25&quot;,&quot;title&quot;:&quot;&quot;,&quot;orientation&quot;:&quot;1&quot;}\" data-image-title=\"P1000797\" data-image-description=\"\" data-medium-file=\"https:\/\/i0.wp.com\/steinertseebahn-kfg.de\/wp-content\/uploads\/2017\/08\/P1000797.jpg?fit=300%2C225&#038;ssl=1\" data-large-file=\"https:\/\/i0.wp.com\/steinertseebahn-kfg.de\/wp-content\/uploads\/2017\/08\/P1000797.jpg?fit=900%2C675&#038;ssl=1\" src=\"https:\/\/i0.wp.com\/steinertseebahn-kfg.de\/wp-content\/uploads\/2017\/08\/P1000797.jpg?w=296&#038;h=296&#038;crop=1&#038;ssl=1\" srcset=\"https:\/\/i0.wp.com\/steinertseebahn-kfg.de\/wp-content\/uploads\/2017\/08\/P1000797.jpg?resize=150%2C150&amp;ssl=1 150w, https:\/\/i0.wp.com\/steinertseebahn-kfg.de\/wp-content\/uploads\/2017\/08\/P1000797.jpg?zoom=2&amp;resize=296%2C296&amp;ssl=1 592w, https:\/\/i0.wp.com\/steinertseebahn-kfg.de\/wp-content\/uploads\/2017\/08\/P1000797.jpg?zoom=3&amp;resize=296%2C296&amp;ssl=1 888w\" width=\"296\" height=\"296\" loading=\"lazy\" data-original-width=\"296\" data-original-height=\"296\" itemprop=\"http:\/\/schema.org\/image\" title=\"P1000797\" alt=\"P1000797\" style=\"width: 296px; height: 296px;\" \/> <\/a> <\/div> <\/div> <\/div> <\/div>\n<p>Im Einsatz waren die Oberurseler 01 und unsere 56. Ebenfalls gesichtet: K\u00f6f\u00b4s, Canadian Pacific und andere.<\/p>\n<p>Hier mal ein bi\u00dfchen Erkl\u00e4rung, warum es so sch\u00f6n dampft (<a href=\"http:\/\/CC BY-SA 3.0, https:\/\/commons.wikimedia.org\/w\/index.php?curid=429460\">Quelle Wikipedia<\/a>):<\/p>\n<h2><span id=\"S.C3.A4ttigung_von_Gasen_am_Beispiel_des_Wasserdampfs\" class=\"mw-headline\">S\u00e4ttigung von Gasen am Beispiel des Wasserdampfs <span id=\"Wasserdampf\"><span id=\"Anker:Wasserdampf\"><\/span><\/span><\/span><\/h2>\n<div class=\"thumbinner\">\n<p><a class=\"image\" href=\"https:\/\/de.wikipedia.org\/wiki\/Datei:Feuchte_Luft.png\"><img fetchpriority=\"high\" decoding=\"async\" class=\"thumbimage\" src=\"https:\/\/upload.wikimedia.org\/wikipedia\/commons\/thumb\/9\/91\/Feuchte_Luft.png\/400px-Feuchte_Luft.png\" srcset=\"\/\/upload.wikimedia.org\/wikipedia\/commons\/thumb\/9\/91\/Feuchte_Luft.png\/600px-Feuchte_Luft.png 1.5x, \/\/upload.wikimedia.org\/wikipedia\/commons\/9\/91\/Feuchte_Luft.png 2x\" alt=\"\" width=\"400\" height=\"309\" data-file-width=\"792\" data-file-height=\"612\" \/><\/a><\/p>\n<div class=\"thumbcaption\"><\/div>\n<\/div>\n<div class=\"thumb tright\">\n<div class=\"thumbinner\">\n<div class=\"thumbcaption\">S\u00e4ttigungsdiagramm von Wasserdampf<\/div>\n<\/div>\n<\/div>\n<p>Wasserdampf ist dann ges\u00e4ttigt, wenn er nicht mehr f\u00e4hig ist, seine eigene Konzentration in der Luft weiter zu erh\u00f6hen, da diese schon die maximale Luftfeuchtigkeit mit sich tr\u00e4gt. Synonym verwendbare Begriffe f\u00fcr die S\u00e4ttigung des Wasserdampfs sind:<\/p>\n<ul>\n<li>ein herrschendes thermodynamisches Gleichgewicht<\/li>\n<li>angeglichene chemische Potentiale von Wasserdampf und fl\u00fcssigem Wasser<\/li>\n<li>100\u00a0% relative Luftfeuchte<\/li>\n<li>Taupunktdifferenz gleich Null bzw. Temperatur gleich dem Taupunkt<\/li>\n<li>S\u00e4ttigungsdefizit gleich Null bzw. Dampfdruck gleich dem S\u00e4ttigungsdampfdruck<\/li>\n<\/ul>\n<p>Durch das Abk\u00fchlen der Luft unter den Taupunkt, ohne dass dabei Kondensation (Nebel, Wolke) eintritt, kommt es zu einer \u00dcbers\u00e4ttigung. Grund hierf\u00fcr ist das Fehlen von Kondensationskeimen, also Aerosolen wie etwa Staub- oder Eispartikel. Da in der Regel jedoch meist Kondensationskeime vorhanden sind, treten in der Erdatmosph\u00e4re kaum \u00dcbers\u00e4ttigungen von mehr als einem Prozent auf. Die Tabelle weiter unten enth\u00e4lt einige beispielhafte Werte zur S\u00e4ttigungsmenge des Wasserdampfs als Funktion der Temperatur aus D. Sonntag (1982). Es muss hierbei aufgrund der unterschiedlichen Werte des S\u00e4ttigungsdampfdrucks unter einer Temperatur von 0\u00a0\u00b0C danach unterschieden werden, ob eine Wasser- oder eine Eisoberfl\u00e4che vorliegt. Man bezeichnet die S\u00e4ttigungsmenge oder auch S\u00e4ttigungskonzentration des Wasserdampfes ferner als maximale Luftfeuchte.<\/p>\n","protected":false},"excerpt":{"rendered":"<p>&#8230; aber es dampft halt sehr sch\u00f6n, wenn die Luftfeuchtigkeit hoch ist, wie hier auf einer privaten Feier am gestrigen Samstag. Im Einsatz waren die Oberurseler 01 und unsere 56. Ebenfalls gesichtet: K\u00f6f\u00b4s, Canadian Pacific und andere. Hier mal ein bi\u00dfchen Erkl\u00e4rung, warum es so sch\u00f6n dampft (Quelle Wikipedia): S\u00e4ttigung von Gasen am Beispiel des Wasserdampfs S\u00e4ttigungsdiagramm von Wasserdampf Wasserdampf<\/p>\n","protected":false},"author":2,"featured_media":0,"comment_status":"open","ping_status":"closed","sticky":false,"template":"","format":"standard","meta":{"_monsterinsights_skip_tracking":false,"_monsterinsights_sitenote_active":false,"_monsterinsights_sitenote_note":"","_monsterinsights_sitenote_category":0,"jetpack_post_was_ever_published":false,"_jetpack_newsletter_access":"","_jetpack_dont_email_post_to_subs":false,"_jetpack_newsletter_tier_id":0,"_jetpack_memberships_contains_paywalled_content":false,"_jetpack_memberships_contains_paid_content":false,"footnotes":"","jetpack_publicize_message":"","jetpack_publicize_feature_enabled":true,"jetpack_social_post_already_shared":true,"jetpack_social_options":{"image_generator_settings":{"template":"highway","default_image_id":0,"font":"","enabled":false},"version":2}},"categories":[1],"tags":[77,74,30,72],"class_list":["post-2020","post","type-post","status-publish","format-standard","hentry","category-allgemein","tag-allgemein","tag-dampf","tag-feier","tag-verschiedenes"],"yoast_head":"<!-- This site is optimized with the Yoast SEO plugin v27.5 - https:\/\/yoast.com\/product\/yoast-seo-wordpress\/ -->\n<title>Sommer? Naja, wohl eher kalendarisch ... - MBC Kassel e.V. Steinertseebahn und K\u00f6nigstorschule<\/title>\n<meta name=\"description\" content=\"Dampf S\u00e4ttigung, Wolken\" \/>\n<meta name=\"robots\" content=\"index, follow, max-snippet:-1, max-image-preview:large, max-video-preview:-1\" \/>\n<link rel=\"canonical\" href=\"https:\/\/steinertseebahn-kfg.de\/startseite\/sommer-naja-wohl-eher-kalendarisch\/\" \/>\n<meta property=\"og:locale\" content=\"de_DE\" \/>\n<meta property=\"og:type\" content=\"article\" \/>\n<meta property=\"og:title\" content=\"Sommer? Naja, wohl eher kalendarisch ... - MBC Kassel e.V. Steinertseebahn und K\u00f6nigstorschule\" \/>\n<meta property=\"og:description\" content=\"Dampf S\u00e4ttigung, Wolken\" \/>\n<meta property=\"og:url\" content=\"https:\/\/steinertseebahn-kfg.de\/startseite\/sommer-naja-wohl-eher-kalendarisch\/\" \/>\n<meta property=\"og:site_name\" content=\"MBC Kassel e.V. Steinertseebahn und K\u00f6nigstorschule\" \/>\n<meta property=\"article:publisher\" content=\"https:\/\/www.facebook.com\/ModellBahnClubKasselSteinertseebahnkaufungen\/\" \/>\n<meta property=\"article:published_time\" content=\"2017-08-13T12:33:13+00:00\" \/>\n<meta property=\"article:modified_time\" content=\"2017-08-19T07:52:07+00:00\" \/>\n<meta property=\"og:image\" content=\"https:\/\/i0.wp.com\/steinertseebahn-kfg.de\/wp-content\/uploads\/2017\/08\/WP_20170812_16_39_13_Pro_LI.jpg?w=896&#038;h=896&#038;crop=1&#038;ssl=1\" \/>\n<meta name=\"author\" content=\"Olaf\" \/>\n<meta name=\"twitter:label1\" content=\"Verfasst von\" \/>\n\t<meta name=\"twitter:data1\" content=\"Olaf\" \/>\n\t<meta name=\"twitter:label2\" content=\"Gesch\u00e4tzte Lesezeit\" \/>\n\t<meta name=\"twitter:data2\" content=\"1\u00a0Minute\" \/>\n<script type=\"application\/ld+json\" class=\"yoast-schema-graph\">{\"@context\":\"https:\\\/\\\/schema.org\",\"@graph\":[{\"@type\":\"Article\",\"@id\":\"https:\\\/\\\/steinertseebahn-kfg.de\\\/startseite\\\/sommer-naja-wohl-eher-kalendarisch\\\/#article\",\"isPartOf\":{\"@id\":\"https:\\\/\\\/steinertseebahn-kfg.de\\\/startseite\\\/sommer-naja-wohl-eher-kalendarisch\\\/\"},\"author\":{\"name\":\"Olaf\",\"@id\":\"https:\\\/\\\/steinertseebahn-kfg.de\\\/startseite\\\/#\\\/schema\\\/person\\\/773765bdbc5c576bcd6e9ec97f4f7692\"},\"headline\":\"Sommer? Naja, wohl eher kalendarisch &#8230;\",\"datePublished\":\"2017-08-13T12:33:13+00:00\",\"dateModified\":\"2017-08-19T07:52:07+00:00\",\"mainEntityOfPage\":{\"@id\":\"https:\\\/\\\/steinertseebahn-kfg.de\\\/startseite\\\/sommer-naja-wohl-eher-kalendarisch\\\/\"},\"wordCount\":273,\"commentCount\":0,\"publisher\":{\"@id\":\"https:\\\/\\\/steinertseebahn-kfg.de\\\/startseite\\\/#organization\"},\"image\":{\"@id\":\"https:\\\/\\\/steinertseebahn-kfg.de\\\/startseite\\\/sommer-naja-wohl-eher-kalendarisch\\\/#primaryimage\"},\"thumbnailUrl\":\"https:\\\/\\\/upload.wikimedia.org\\\/wikipedia\\\/commons\\\/thumb\\\/9\\\/91\\\/Feuchte_Luft.png\\\/400px-Feuchte_Luft.png\",\"keywords\":{\"1\":\"Dampf\",\"2\":\"Feier\",\"3\":\"Verschiedenes\"},\"inLanguage\":\"de\",\"potentialAction\":[{\"@type\":\"CommentAction\",\"name\":\"Comment\",\"target\":[\"https:\\\/\\\/steinertseebahn-kfg.de\\\/startseite\\\/sommer-naja-wohl-eher-kalendarisch\\\/#respond\"]}]},{\"@type\":\"WebPage\",\"@id\":\"https:\\\/\\\/steinertseebahn-kfg.de\\\/startseite\\\/sommer-naja-wohl-eher-kalendarisch\\\/\",\"url\":\"https:\\\/\\\/steinertseebahn-kfg.de\\\/startseite\\\/sommer-naja-wohl-eher-kalendarisch\\\/\",\"name\":\"Sommer? Naja, wohl eher kalendarisch ... - MBC Kassel e.V. Steinertseebahn und K\u00f6nigstorschule\",\"isPartOf\":{\"@id\":\"https:\\\/\\\/steinertseebahn-kfg.de\\\/startseite\\\/#website\"},\"primaryImageOfPage\":{\"@id\":\"https:\\\/\\\/steinertseebahn-kfg.de\\\/startseite\\\/sommer-naja-wohl-eher-kalendarisch\\\/#primaryimage\"},\"image\":{\"@id\":\"https:\\\/\\\/steinertseebahn-kfg.de\\\/startseite\\\/sommer-naja-wohl-eher-kalendarisch\\\/#primaryimage\"},\"thumbnailUrl\":\"https:\\\/\\\/upload.wikimedia.org\\\/wikipedia\\\/commons\\\/thumb\\\/9\\\/91\\\/Feuchte_Luft.png\\\/400px-Feuchte_Luft.png\",\"datePublished\":\"2017-08-13T12:33:13+00:00\",\"dateModified\":\"2017-08-19T07:52:07+00:00\",\"description\":\"Dampf S\u00e4ttigung, Wolken\",\"breadcrumb\":{\"@id\":\"https:\\\/\\\/steinertseebahn-kfg.de\\\/startseite\\\/sommer-naja-wohl-eher-kalendarisch\\\/#breadcrumb\"},\"inLanguage\":\"de\",\"potentialAction\":[{\"@type\":\"ReadAction\",\"target\":[\"https:\\\/\\\/steinertseebahn-kfg.de\\\/startseite\\\/sommer-naja-wohl-eher-kalendarisch\\\/\"]}]},{\"@type\":\"ImageObject\",\"inLanguage\":\"de\",\"@id\":\"https:\\\/\\\/steinertseebahn-kfg.de\\\/startseite\\\/sommer-naja-wohl-eher-kalendarisch\\\/#primaryimage\",\"url\":\"https:\\\/\\\/upload.wikimedia.org\\\/wikipedia\\\/commons\\\/thumb\\\/9\\\/91\\\/Feuchte_Luft.png\\\/400px-Feuchte_Luft.png\",\"contentUrl\":\"https:\\\/\\\/upload.wikimedia.org\\\/wikipedia\\\/commons\\\/thumb\\\/9\\\/91\\\/Feuchte_Luft.png\\\/400px-Feuchte_Luft.png\"},{\"@type\":\"BreadcrumbList\",\"@id\":\"https:\\\/\\\/steinertseebahn-kfg.de\\\/startseite\\\/sommer-naja-wohl-eher-kalendarisch\\\/#breadcrumb\",\"itemListElement\":[{\"@type\":\"ListItem\",\"position\":1,\"name\":\"Startseite\",\"item\":\"https:\\\/\\\/steinertseebahn-kfg.de\\\/startseite\\\/\"},{\"@type\":\"ListItem\",\"position\":2,\"name\":\"Sommer? Naja, wohl eher kalendarisch &#8230;\"}]},{\"@type\":\"WebSite\",\"@id\":\"https:\\\/\\\/steinertseebahn-kfg.de\\\/startseite\\\/#website\",\"url\":\"https:\\\/\\\/steinertseebahn-kfg.de\\\/startseite\\\/\",\"name\":\"Steinertseebahn Kaufungen des MBC Kassel e.V.\",\"description\":\"Lifesteam und Modellbahn seit \u00fcber 40 Jahren\",\"publisher\":{\"@id\":\"https:\\\/\\\/steinertseebahn-kfg.de\\\/startseite\\\/#organization\"},\"potentialAction\":[{\"@type\":\"SearchAction\",\"target\":{\"@type\":\"EntryPoint\",\"urlTemplate\":\"https:\\\/\\\/steinertseebahn-kfg.de\\\/startseite\\\/?s={search_term_string}\"},\"query-input\":{\"@type\":\"PropertyValueSpecification\",\"valueRequired\":true,\"valueName\":\"search_term_string\"}}],\"inLanguage\":\"de\"},{\"@type\":\"Organization\",\"@id\":\"https:\\\/\\\/steinertseebahn-kfg.de\\\/startseite\\\/#organization\",\"name\":\"MBC Kassel e.V. Steinertseebahn\",\"url\":\"https:\\\/\\\/steinertseebahn-kfg.de\\\/startseite\\\/\",\"logo\":{\"@type\":\"ImageObject\",\"inLanguage\":\"de\",\"@id\":\"https:\\\/\\\/steinertseebahn-kfg.de\\\/startseite\\\/#\\\/schema\\\/logo\\\/image\\\/\",\"url\":\"https:\\\/\\\/i2.wp.com\\\/steinertseebahn-kfg.de\\\/wp-content\\\/uploads\\\/2015\\\/07\\\/Logo-SSB.png?fit=865%2C198&ssl=1\",\"contentUrl\":\"https:\\\/\\\/i2.wp.com\\\/steinertseebahn-kfg.de\\\/wp-content\\\/uploads\\\/2015\\\/07\\\/Logo-SSB.png?fit=865%2C198&ssl=1\",\"width\":865,\"height\":198,\"caption\":\"MBC Kassel e.V. Steinertseebahn\"},\"image\":{\"@id\":\"https:\\\/\\\/steinertseebahn-kfg.de\\\/startseite\\\/#\\\/schema\\\/logo\\\/image\\\/\"},\"sameAs\":[\"https:\\\/\\\/www.facebook.com\\\/ModellBahnClubKasselSteinertseebahnkaufungen\\\/\"]},{\"@type\":\"Person\",\"@id\":\"https:\\\/\\\/steinertseebahn-kfg.de\\\/startseite\\\/#\\\/schema\\\/person\\\/773765bdbc5c576bcd6e9ec97f4f7692\",\"name\":\"Olaf\",\"image\":{\"@type\":\"ImageObject\",\"inLanguage\":\"de\",\"@id\":\"https:\\\/\\\/secure.gravatar.com\\\/avatar\\\/915315b4d388303c8e168917628e975753d5c85a174a04110e68973404cbe222?s=96&d=identicon&r=pg\",\"url\":\"https:\\\/\\\/secure.gravatar.com\\\/avatar\\\/915315b4d388303c8e168917628e975753d5c85a174a04110e68973404cbe222?s=96&d=identicon&r=pg\",\"contentUrl\":\"https:\\\/\\\/secure.gravatar.com\\\/avatar\\\/915315b4d388303c8e168917628e975753d5c85a174a04110e68973404cbe222?s=96&d=identicon&r=pg\",\"caption\":\"Olaf\"},\"url\":\"https:\\\/\\\/steinertseebahn-kfg.de\\\/startseite\\\/author\\\/olaf\\\/\"}]}<\/script>\n<!-- \/ Yoast SEO plugin. -->","yoast_head_json":{"title":"Sommer? Naja, wohl eher kalendarisch ... - MBC Kassel e.V. Steinertseebahn und K\u00f6nigstorschule","description":"Dampf S\u00e4ttigung, Wolken","robots":{"index":"index","follow":"follow","max-snippet":"max-snippet:-1","max-image-preview":"max-image-preview:large","max-video-preview":"max-video-preview:-1"},"canonical":"https:\/\/steinertseebahn-kfg.de\/startseite\/sommer-naja-wohl-eher-kalendarisch\/","og_locale":"de_DE","og_type":"article","og_title":"Sommer? Naja, wohl eher kalendarisch ... - MBC Kassel e.V. Steinertseebahn und K\u00f6nigstorschule","og_description":"Dampf S\u00e4ttigung, Wolken","og_url":"https:\/\/steinertseebahn-kfg.de\/startseite\/sommer-naja-wohl-eher-kalendarisch\/","og_site_name":"MBC Kassel e.V. Steinertseebahn und K\u00f6nigstorschule","article_publisher":"https:\/\/www.facebook.com\/ModellBahnClubKasselSteinertseebahnkaufungen\/","article_published_time":"2017-08-13T12:33:13+00:00","article_modified_time":"2017-08-19T07:52:07+00:00","og_image":[{"url":"https:\/\/i0.wp.com\/steinertseebahn-kfg.de\/wp-content\/uploads\/2017\/08\/WP_20170812_16_39_13_Pro_LI.jpg?w=896&#038;h=896&#038;crop=1&#038;ssl=1","type":"","width":"","height":""}],"author":"Olaf","twitter_misc":{"Verfasst von":"Olaf","Gesch\u00e4tzte Lesezeit":"1\u00a0Minute"},"schema":{"@context":"https:\/\/schema.org","@graph":[{"@type":"Article","@id":"https:\/\/steinertseebahn-kfg.de\/startseite\/sommer-naja-wohl-eher-kalendarisch\/#article","isPartOf":{"@id":"https:\/\/steinertseebahn-kfg.de\/startseite\/sommer-naja-wohl-eher-kalendarisch\/"},"author":{"name":"Olaf","@id":"https:\/\/steinertseebahn-kfg.de\/startseite\/#\/schema\/person\/773765bdbc5c576bcd6e9ec97f4f7692"},"headline":"Sommer? Naja, wohl eher kalendarisch &#8230;","datePublished":"2017-08-13T12:33:13+00:00","dateModified":"2017-08-19T07:52:07+00:00","mainEntityOfPage":{"@id":"https:\/\/steinertseebahn-kfg.de\/startseite\/sommer-naja-wohl-eher-kalendarisch\/"},"wordCount":273,"commentCount":0,"publisher":{"@id":"https:\/\/steinertseebahn-kfg.de\/startseite\/#organization"},"image":{"@id":"https:\/\/steinertseebahn-kfg.de\/startseite\/sommer-naja-wohl-eher-kalendarisch\/#primaryimage"},"thumbnailUrl":"https:\/\/upload.wikimedia.org\/wikipedia\/commons\/thumb\/9\/91\/Feuchte_Luft.png\/400px-Feuchte_Luft.png","keywords":{"1":"Dampf","2":"Feier","3":"Verschiedenes"},"inLanguage":"de","potentialAction":[{"@type":"CommentAction","name":"Comment","target":["https:\/\/steinertseebahn-kfg.de\/startseite\/sommer-naja-wohl-eher-kalendarisch\/#respond"]}]},{"@type":"WebPage","@id":"https:\/\/steinertseebahn-kfg.de\/startseite\/sommer-naja-wohl-eher-kalendarisch\/","url":"https:\/\/steinertseebahn-kfg.de\/startseite\/sommer-naja-wohl-eher-kalendarisch\/","name":"Sommer? Naja, wohl eher kalendarisch ... - MBC Kassel e.V. Steinertseebahn und K\u00f6nigstorschule","isPartOf":{"@id":"https:\/\/steinertseebahn-kfg.de\/startseite\/#website"},"primaryImageOfPage":{"@id":"https:\/\/steinertseebahn-kfg.de\/startseite\/sommer-naja-wohl-eher-kalendarisch\/#primaryimage"},"image":{"@id":"https:\/\/steinertseebahn-kfg.de\/startseite\/sommer-naja-wohl-eher-kalendarisch\/#primaryimage"},"thumbnailUrl":"https:\/\/upload.wikimedia.org\/wikipedia\/commons\/thumb\/9\/91\/Feuchte_Luft.png\/400px-Feuchte_Luft.png","datePublished":"2017-08-13T12:33:13+00:00","dateModified":"2017-08-19T07:52:07+00:00","description":"Dampf S\u00e4ttigung, Wolken","breadcrumb":{"@id":"https:\/\/steinertseebahn-kfg.de\/startseite\/sommer-naja-wohl-eher-kalendarisch\/#breadcrumb"},"inLanguage":"de","potentialAction":[{"@type":"ReadAction","target":["https:\/\/steinertseebahn-kfg.de\/startseite\/sommer-naja-wohl-eher-kalendarisch\/"]}]},{"@type":"ImageObject","inLanguage":"de","@id":"https:\/\/steinertseebahn-kfg.de\/startseite\/sommer-naja-wohl-eher-kalendarisch\/#primaryimage","url":"https:\/\/upload.wikimedia.org\/wikipedia\/commons\/thumb\/9\/91\/Feuchte_Luft.png\/400px-Feuchte_Luft.png","contentUrl":"https:\/\/upload.wikimedia.org\/wikipedia\/commons\/thumb\/9\/91\/Feuchte_Luft.png\/400px-Feuchte_Luft.png"},{"@type":"BreadcrumbList","@id":"https:\/\/steinertseebahn-kfg.de\/startseite\/sommer-naja-wohl-eher-kalendarisch\/#breadcrumb","itemListElement":[{"@type":"ListItem","position":1,"name":"Startseite","item":"https:\/\/steinertseebahn-kfg.de\/startseite\/"},{"@type":"ListItem","position":2,"name":"Sommer? Naja, wohl eher kalendarisch &#8230;"}]},{"@type":"WebSite","@id":"https:\/\/steinertseebahn-kfg.de\/startseite\/#website","url":"https:\/\/steinertseebahn-kfg.de\/startseite\/","name":"Steinertseebahn Kaufungen des MBC Kassel e.V.","description":"Lifesteam und Modellbahn seit \u00fcber 40 Jahren","publisher":{"@id":"https:\/\/steinertseebahn-kfg.de\/startseite\/#organization"},"potentialAction":[{"@type":"SearchAction","target":{"@type":"EntryPoint","urlTemplate":"https:\/\/steinertseebahn-kfg.de\/startseite\/?s={search_term_string}"},"query-input":{"@type":"PropertyValueSpecification","valueRequired":true,"valueName":"search_term_string"}}],"inLanguage":"de"},{"@type":"Organization","@id":"https:\/\/steinertseebahn-kfg.de\/startseite\/#organization","name":"MBC Kassel e.V. Steinertseebahn","url":"https:\/\/steinertseebahn-kfg.de\/startseite\/","logo":{"@type":"ImageObject","inLanguage":"de","@id":"https:\/\/steinertseebahn-kfg.de\/startseite\/#\/schema\/logo\/image\/","url":"https:\/\/i2.wp.com\/steinertseebahn-kfg.de\/wp-content\/uploads\/2015\/07\/Logo-SSB.png?fit=865%2C198&ssl=1","contentUrl":"https:\/\/i2.wp.com\/steinertseebahn-kfg.de\/wp-content\/uploads\/2015\/07\/Logo-SSB.png?fit=865%2C198&ssl=1","width":865,"height":198,"caption":"MBC Kassel e.V. Steinertseebahn"},"image":{"@id":"https:\/\/steinertseebahn-kfg.de\/startseite\/#\/schema\/logo\/image\/"},"sameAs":["https:\/\/www.facebook.com\/ModellBahnClubKasselSteinertseebahnkaufungen\/"]},{"@type":"Person","@id":"https:\/\/steinertseebahn-kfg.de\/startseite\/#\/schema\/person\/773765bdbc5c576bcd6e9ec97f4f7692","name":"Olaf","image":{"@type":"ImageObject","inLanguage":"de","@id":"https:\/\/secure.gravatar.com\/avatar\/915315b4d388303c8e168917628e975753d5c85a174a04110e68973404cbe222?s=96&d=identicon&r=pg","url":"https:\/\/secure.gravatar.com\/avatar\/915315b4d388303c8e168917628e975753d5c85a174a04110e68973404cbe222?s=96&d=identicon&r=pg","contentUrl":"https:\/\/secure.gravatar.com\/avatar\/915315b4d388303c8e168917628e975753d5c85a174a04110e68973404cbe222?s=96&d=identicon&r=pg","caption":"Olaf"},"url":"https:\/\/steinertseebahn-kfg.de\/startseite\/author\/olaf\/"}]}},"jetpack_publicize_connections":[],"jetpack_featured_media_url":"","jetpack_sharing_enabled":true,"jetpack_shortlink":"https:\/\/wp.me\/p3r7K2-wA","jetpack_likes_enabled":true,"jetpack-related-posts":[],"_links":{"self":[{"href":"https:\/\/steinertseebahn-kfg.de\/startseite\/wp-json\/wp\/v2\/posts\/2020","targetHints":{"allow":["GET"]}}],"collection":[{"href":"https:\/\/steinertseebahn-kfg.de\/startseite\/wp-json\/wp\/v2\/posts"}],"about":[{"href":"https:\/\/steinertseebahn-kfg.de\/startseite\/wp-json\/wp\/v2\/types\/post"}],"author":[{"embeddable":true,"href":"https:\/\/steinertseebahn-kfg.de\/startseite\/wp-json\/wp\/v2\/users\/2"}],"replies":[{"embeddable":true,"href":"https:\/\/steinertseebahn-kfg.de\/startseite\/wp-json\/wp\/v2\/comments?post=2020"}],"version-history":[{"count":7,"href":"https:\/\/steinertseebahn-kfg.de\/startseite\/wp-json\/wp\/v2\/posts\/2020\/revisions"}],"predecessor-version":[{"id":2039,"href":"https:\/\/steinertseebahn-kfg.de\/startseite\/wp-json\/wp\/v2\/posts\/2020\/revisions\/2039"}],"wp:attachment":[{"href":"https:\/\/steinertseebahn-kfg.de\/startseite\/wp-json\/wp\/v2\/media?parent=2020"}],"wp:term":[{"taxonomy":"category","embeddable":true,"href":"https:\/\/steinertseebahn-kfg.de\/startseite\/wp-json\/wp\/v2\/categories?post=2020"},{"taxonomy":"post_tag","embeddable":true,"href":"https:\/\/steinertseebahn-kfg.de\/startseite\/wp-json\/wp\/v2\/tags?post=2020"}],"curies":[{"name":"wp","href":"https:\/\/api.w.org\/{rel}","templated":true}]}}